{"id":2172,"date":"2021-04-16T07:25:55","date_gmt":"2021-04-16T05:25:55","guid":{"rendered":"http:\/\/znakon.cz\/znakon-as\/?post_type=jobpost&#038;p=2172"},"modified":"2026-02-16T07:48:27","modified_gmt":"2026-02-16T06:48:27","slug":"ridic-nakladniho-automobilu","status":"publish","type":"jobpost","link":"https:\/\/znakon.cz\/znakon-as\/jobs\/ridic-nakladniho-automobilu\/","title":{"rendered":"\u0158IDI\u010c n\u00e1kladn\u00edho automobilu sk. C, CE"},"content":{"rendered":"<p><img loading=\"lazy\" decoding=\"async\" class=\"wp-image-2532 size-medium alignnone\" src=\"http:\/\/znakon.cz\/znakon-as\/wp-content\/uploads\/sites\/2\/2024\/01\/1200x900-a-e1705651724747-300x195.jpg\" alt=\"\" width=\"300\" height=\"195\" srcset=\"https:\/\/znakon.cz\/znakon-as\/wp-content\/uploads\/sites\/2\/2024\/01\/1200x900-a-e1705651724747-300x195.jpg 300w, https:\/\/znakon.cz\/znakon-as\/wp-content\/uploads\/sites\/2\/2024\/01\/1200x900-a-e1705651724747-1024x666.jpg 1024w, https:\/\/znakon.cz\/znakon-as\/wp-content\/uploads\/sites\/2\/2024\/01\/1200x900-a-e1705651724747-768x499.jpg 768w, https:\/\/znakon.cz\/znakon-as\/wp-content\/uploads\/sites\/2\/2024\/01\/1200x900-a-e1705651724747.jpg 1200w\" sizes=\"(max-width: 300px) 100vw, 300px\" \/><\/p>\n<p>&nbsp;<\/p>\n<p><span style=\"color: #00ccff;\"><strong>Hlavn\u00ed n\u00e1pln\u00ed pr\u00e1ce je obsluha p\u0159id\u011blen\u00e9ho automobilu a pomocn\u00e9 pr\u00e1ce na stavb\u011b dle pokyn\u016f vedouc\u00edho.\u00a0<\/strong><\/span><\/p>\n<hr \/>\n<p><strong>CO PO\u017dADUJEME<\/strong>:<\/p>\n<ul>\n<li>\u0158P sk. C, CE<\/li>\n<li>profesn\u00ed pr\u016fkaz, kartu \u0159idi\u010de, psychologick\u00e9 testy<\/li>\n<\/ul>\n<p>&nbsp;<\/p>\n<h4><strong>CO V\u00c1M ZA TO NAB\u00cdZ\u00cdME:<\/strong><\/h4>\n<ul>\n<li>pracovn\u00ed pom\u011br na dobu ur\u010ditou s&nbsp;op\u011btovn\u00fdm n\u00e1stupem na za\u010d\u00e1tku dal\u0161\u00ed stavebn\u00ed sez\u00f3ny<\/li>\n<li>mzdu dle va\u0161ich zku\u0161enost\u00ed a praxe<\/li>\n<li>p\u011bt t\u00fddn\u016f dovolen\u00e9<\/li>\n<li>mimo\u0159\u00e1dn\u00e9 odm\u011bny b\u011bhem roku<\/li>\n<li>zv\u00fdhodn\u011bn\u00e9 mobiln\u00ed tarify<\/li>\n<li>p\u0159\u00edsp\u011bvek na stravov\u00e1n\u00ed<\/li>\n<li>mo\u017enost zvy\u0161ov\u00e1n\u00ed kvalifikace<\/li>\n<\/ul>\n<p>&nbsp;<\/p>\n<p>&nbsp;<\/p>\n<div class=\"wp-block-spacer\" style=\"height: 30px;\" aria-hidden=\"true\">\n<div class=\"wp-block-spacer\" style=\"height: 30px;\" aria-hidden=\"true\"><strong><span style=\"color: #ff0000;\">N\u00c1STUP DUBEN 2026<\/span><\/strong><\/div>\n<\/div>\n<div aria-hidden=\"true\">\n<hr \/>\n<\/div>\n<div aria-hidden=\"true\"><\/div>\n<div aria-hidden=\"true\">v p\u0159\u00edpad\u011b z\u00e1jmu n\u00e1m po\u0161lete sv\u016fj \u017eivotopis na:<\/div>\n<div aria-hidden=\"true\">simova@znakon.cz<\/div>\n<div aria-hidden=\"true\">tel: 731&nbsp;471&nbsp;487<\/div>\n<div aria-hidden=\"true\">\u0160\u00edmov\u00e1 Barbora<\/div>\n<div aria-hidden=\"true\"><\/div>\n<div aria-hidden=\"true\"><\/div>\n<div aria-hidden=\"true\"><\/div>\n<div aria-hidden=\"true\"><\/div>\n","protected":false},"excerpt":{"rendered":"<p>&nbsp; Hlavn\u00ed n\u00e1pln\u00ed pr\u00e1ce je obsluha p\u0159id\u011blen\u00e9ho automobilu a pomocn\u00e9 pr\u00e1ce na stavb\u011b dle pokyn\u016f vedouc\u00edho.\u00a0 CO PO\u017dADUJEME: \u0158P sk. [&hellip;]<\/p>\n","protected":false},"author":2,"featured_media":1157,"menu_order":0,"comment_status":"closed","ping_status":"closed","template":"","jobpost_category":[],"jobpost_job_type":[],"jobpost_location":[],"_links":{"self":[{"href":"https:\/\/znakon.cz\/znakon-as\/wp-json\/wp\/v2\/jobpost\/2172"}],"collection":[{"href":"https:\/\/znakon.cz\/znakon-as\/wp-json\/wp\/v2\/jobpost"}],"about":[{"href":"https:\/\/znakon.cz\/znakon-as\/wp-json\/wp\/v2\/types\/jobpost"}],"author":[{"embeddable":true,"href":"https:\/\/znakon.cz\/znakon-as\/wp-json\/wp\/v2\/users\/2"}],"replies":[{"embeddable":true,"href":"https:\/\/znakon.cz\/znakon-as\/wp-json\/wp\/v2\/comments?post=2172"}],"wp:featuredmedia":[{"embeddable":true,"href":"https:\/\/znakon.cz\/znakon-as\/wp-json\/wp\/v2\/media\/1157"}],"wp:attachment":[{"href":"https:\/\/znakon.cz\/znakon-as\/wp-json\/wp\/v2\/media?parent=2172"}],"wp:term":[{"taxonomy":"jobpost_category","embeddable":true,"href":"https:\/\/znakon.cz\/znakon-as\/wp-json\/wp\/v2\/jobpost_category?post=2172"},{"taxonomy":"jobpost_job_type","embeddable":true,"href":"https:\/\/znakon.cz\/znakon-as\/wp-json\/wp\/v2\/jobpost_job_type?post=2172"},{"taxonomy":"jobpost_location","embeddable":true,"href":"https:\/\/znakon.cz\/znakon-as\/wp-json\/wp\/v2\/jobpost_location?post=2172"}],"curies":[{"name":"wp","href":"https:\/\/api.w.org\/{rel}","templated":true}]}}