{"id":2373,"date":"2023-03-03T09:39:55","date_gmt":"2023-03-03T08:39:55","guid":{"rendered":"http:\/\/znakon.cz\/znakon-as\/?post_type=jobpost&#038;p=2373"},"modified":"2026-02-16T07:42:21","modified_gmt":"2026-02-16T06:42:21","slug":"silnicni-delnik-2","status":"publish","type":"jobpost","link":"https:\/\/znakon.cz\/znakon-as\/jobs\/silnicni-delnik-2\/","title":{"rendered":"V\u00c1LC\u00cd\u0158 na pokl\u00e1dku asfaltov\u00fdch sm\u011bs\u00ed"},"content":{"rendered":"<p>&nbsp;<\/p>\n<p><img loading=\"lazy\" decoding=\"async\" class=\"alignnone wp-image-2723 size-medium\" src=\"http:\/\/znakon.cz\/znakon-as\/wp-content\/uploads\/sites\/2\/2023\/03\/20250404_095011-scaled-e1771222774912-300x253.jpg\" alt=\"\" width=\"300\" height=\"253\" srcset=\"https:\/\/znakon.cz\/znakon-as\/wp-content\/uploads\/sites\/2\/2023\/03\/20250404_095011-scaled-e1771222774912-300x253.jpg 300w, https:\/\/znakon.cz\/znakon-as\/wp-content\/uploads\/sites\/2\/2023\/03\/20250404_095011-scaled-e1771222774912-1024x862.jpg 1024w, https:\/\/znakon.cz\/znakon-as\/wp-content\/uploads\/sites\/2\/2023\/03\/20250404_095011-scaled-e1771222774912-768x646.jpg 768w, https:\/\/znakon.cz\/znakon-as\/wp-content\/uploads\/sites\/2\/2023\/03\/20250404_095011-scaled-e1771222774912.jpg 1403w\" sizes=\"(max-width: 300px) 100vw, 300px\" \/><\/p>\n<p>&nbsp;<\/p>\n<h4><strong style=\"color: #00ccff;\">Hlavn\u00ed n\u00e1pln\u00ed pr\u00e1ce jsou stavebn\u00ed pr\u00e1ce na pokl\u00e1dce asfaltov\u00fdch sm\u011bs\u00ed dle pokyn\u016f vedouc\u00edho.<\/strong><\/h4>\n<div aria-hidden=\"true\">\n<hr \/>\n<h3><span style=\"color: #000000;\">CO PO V\u00c1S BUDEME CHT\u00cdT:<\/span><\/h3>\n<ul>\n<li>min. vzd\u011bl\u00e1n\u00ed &#8211; st\u0159edn\u00ed odborn\u00e9 u\u010dili\u0161t\u011b<\/li>\n<li>\u0158P sk. B<\/li>\n<li>strojnick\u00fd pr\u016fkaz na v\u00e1lec v\u00fdhodou<\/li>\n<\/ul>\n<h3><span style=\"color: #000000;\"><strong>CO V\u00c1M ZA TO NAB\u00cdZ\u00cdME:<\/strong><\/span><\/h3>\n<ul>\n<li>pracovn\u00ed pom\u011br na dobu ur\u010ditou s&nbsp;op\u011btovn\u00fdm n\u00e1stupem po zimn\u00ed pauze (leden-b\u0159ezen dle po\u010das\u00ed)<\/li>\n<li>mzdu dle va\u0161ich zku\u0161enost\u00ed a praxe<\/li>\n<li>p\u011bt t\u00fddn\u016f dovolen\u00e9<\/li>\n<li>mimo\u0159\u00e1dn\u00e9 odm\u011bny b\u011bhem roku<\/li>\n<li>p\u0159\u00edsp\u011bvek na stravov\u00e1n\u00ed<\/li>\n<li>v\u00fdhodn\u00e9 mobiln\u00ed tarify<\/li>\n<\/ul>\n<\/div>\n<div aria-hidden=\"true\">\n<p><span style=\"color: #ff0000;\"><strong>N\u00c1STUP DUBEN 2026<\/strong><\/span><\/p>\n<p>&nbsp;<\/p>\n<div class=\"wp-block-spacer\" style=\"height: 30px;\" aria-hidden=\"true\">\n<hr \/>\n<\/div>\n<div class=\"wp-block-spacer\" style=\"height: 30px;\" aria-hidden=\"true\"><strong>v p\u0159\u00edpad\u011b z\u00e1jmu n\u00e1m po\u0161lete sv\u016fj \u017eivotopis<\/strong><\/div>\n<div class=\"wp-block-spacer\" style=\"height: 30px;\" aria-hidden=\"true\">\u00a0Ing. Barbora \u0160\u00edmov\u00e1, tel: 731&nbsp;471&nbsp;487, simova@znakon.cz<\/div>\n<p>&nbsp;<\/p>\n<\/div>\n","protected":false},"excerpt":{"rendered":"<p>&nbsp; &nbsp; Hlavn\u00ed n\u00e1pln\u00ed pr\u00e1ce jsou stavebn\u00ed pr\u00e1ce na pokl\u00e1dce asfaltov\u00fdch sm\u011bs\u00ed dle pokyn\u016f vedouc\u00edho. CO PO V\u00c1S BUDEME CHT\u00cdT: [&hellip;]<\/p>\n","protected":false},"author":2,"featured_media":0,"menu_order":0,"comment_status":"closed","ping_status":"closed","template":"","jobpost_category":[],"jobpost_job_type":[],"jobpost_location":[],"_links":{"self":[{"href":"https:\/\/znakon.cz\/znakon-as\/wp-json\/wp\/v2\/jobpost\/2373"}],"collection":[{"href":"https:\/\/znakon.cz\/znakon-as\/wp-json\/wp\/v2\/jobpost"}],"about":[{"href":"https:\/\/znakon.cz\/znakon-as\/wp-json\/wp\/v2\/types\/jobpost"}],"author":[{"embeddable":true,"href":"https:\/\/znakon.cz\/znakon-as\/wp-json\/wp\/v2\/users\/2"}],"replies":[{"embeddable":true,"href":"https:\/\/znakon.cz\/znakon-as\/wp-json\/wp\/v2\/comments?post=2373"}],"wp:attachment":[{"href":"https:\/\/znakon.cz\/znakon-as\/wp-json\/wp\/v2\/media?parent=2373"}],"wp:term":[{"taxonomy":"jobpost_category","embeddable":true,"href":"https:\/\/znakon.cz\/znakon-as\/wp-json\/wp\/v2\/jobpost_category?post=2373"},{"taxonomy":"jobpost_job_type","embeddable":true,"href":"https:\/\/znakon.cz\/znakon-as\/wp-json\/wp\/v2\/jobpost_job_type?post=2373"},{"taxonomy":"jobpost_location","embeddable":true,"href":"https:\/\/znakon.cz\/znakon-as\/wp-json\/wp\/v2\/jobpost_location?post=2373"}],"curies":[{"name":"wp","href":"https:\/\/api.w.org\/{rel}","templated":true}]}}